{"id":55441,"date":"2026-03-13T19:30:55","date_gmt":"2026-03-13T19:30:55","guid":{"rendered":"https:\/\/www.ikiam.edu.ec\/?p=55441"},"modified":"2026-03-13T19:55:40","modified_gmt":"2026-03-13T19:55:40","slug":"https-www-ikiam-edu-ec-wp-content-uploads-2026-03-ganadores-wallace-1-1-jpg","status":"publish","type":"post","link":"https:\/\/www.ikiam.edu.ec\/index.php\/https-www-ikiam-edu-ec-wp-content-uploads-2026-03-ganadores-wallace-1-1-jpg\/","title":{"rendered":"Estudiantes de Ikiam obtienen los tres primeros lugares en la IX Conferencia Cient\u00edfica Wallace"},"content":{"rendered":"\t\t<div data-elementor-type=\"wp-post\" data-elementor-id=\"55441\" class=\"elementor elementor-55441\" data-elementor-post-type=\"post\">\n\t\t\t\t<div class=\"elementor-element elementor-element-a1ac8fc e-flex e-con-boxed e-con e-parent\" data-id=\"a1ac8fc\" data-element_type=\"container\">\n\t\t\t\t\t<div class=\"e-con-inner\">\n\t\t\t\t\t\t\t\n\t\t<img class=\"e-image-base lazyload\"  \n\t\t\t\t\t\t\t\t\tdata-src=\"https:\/\/www.ikiam.edu.ec\/wp-content\/uploads\/2026\/03\/Ganadores-Wallace-1-2.jpg\"\n\t\t\t\t\t\t\t\t\t\t\t\twidth=\"1080\"\n\t\t\t\t\t\t\t\t\t\t\t\theight=\"1350\"\n\t\t\t\t\t\t\t\t\t\t\t\tdata-srcset=\"https:\/\/www.ikiam.edu.ec\/wp-content\/uploads\/2026\/03\/Ganadores-Wallace-1-2.jpg 1080w, https:\/\/www.ikiam.edu.ec\/wp-content\/uploads\/2026\/03\/Ganadores-Wallace-1-2-240x300.jpg 240w, https:\/\/www.ikiam.edu.ec\/wp-content\/uploads\/2026\/03\/Ganadores-Wallace-1-2-819x1024.jpg 819w, https:\/\/www.ikiam.edu.ec\/wp-content\/uploads\/2026\/03\/Ganadores-Wallace-1-2-768x960.jpg 768w\"\n\t\t\t\t\t\t\t\t\t\t\t\talt=\"\"\n\t\t\t\t\t\t src=\"data:image\/svg+xml;base64,PHN2ZyB3aWR0aD0iMSIgaGVpZ2h0PSIxIiB4bWxucz0iaHR0cDovL3d3dy53My5vcmcvMjAwMC9zdmciPjwvc3ZnPg==\" style=\"--smush-placeholder-width: 1080px; --smush-placeholder-aspect-ratio: 1080\/1350;\" \/>\n\t\t\t\t\t\t<\/div>\n\t\t\t\t<\/div>\n\t\t<div class=\"elementor-element elementor-element-7ade3f8 e-flex e-con-boxed e-con e-parent\" data-id=\"7ade3f8\" data-element_type=\"container\">\n\t\t\t\t\t<div class=\"e-con-inner\">\n\t\t\t\t<div class=\"elementor-element elementor-element-79e3cc8 elementor-widget elementor-widget-text-editor\" data-id=\"79e3cc8\" data-element_type=\"widget\" data-widget_type=\"text-editor.default\">\n\t\t\t\t\t\t\t\t\t<p>Estudiantes de la carrera de Agroecolog\u00eda de la <strong>Universidad Regional Amaz\u00f3nica Ikiam<\/strong> obtuvieron el primer, segundo y tercer lugar durante la <strong>IX Conferencia Cient\u00edfica Wallace<\/strong>, realizada en el <strong>Centro Agron\u00f3mico Tropical de Investigaci\u00f3n y Ense\u00f1anza (CATIE)<\/strong>, ubicado en Turrialba, Costa Rica.<\/p><p>Este evento cient\u00edfico tuvo como objetivo promover el intercambio de conocimientos y la difusi\u00f3n de investigaciones desarrolladas por estudiantes y acad\u00e9micos en diversas \u00e1reas de las ciencias, bajo el enfoque de <strong>Una sola Salud<\/strong>.<\/p><p>Durante la conferencia, estudiantes de Ikiam presentaron sus trabajos de investigaci\u00f3n, destac\u00e1ndose entre los participantes del evento.<\/p><p><strong>Primer lugar: Johny Fernando Villa Casacilla<\/strong><\/p><p>El estudiante <strong>Johny Fernando Villa Casacilla<\/strong> obtuvo el primer lugar con la investigaci\u00f3n titulada <strong>\u201cEvaluaci\u00f3n de la eficiencia de bioconversi\u00f3n y contenido de prote\u00edna en larvas de <em>Hermetia illucens<\/em> alimentadas con residuos org\u00e1nicos amaz\u00f3nicos\u201d<\/strong>, bajo la tutor\u00eda de <strong>Francisco Villamar\u00edn, Ph.D<\/strong>.<\/p><p>El objetivo de la investigaci\u00f3n es analizar c\u00f3mo distintos residuos org\u00e1nicos disponibles en la regi\u00f3n influyen en el crecimiento, la productividad y el contenido de prote\u00edna de larvas de mosca soldado negra. A partir de esta evaluaci\u00f3n se busca identificar qu\u00e9 tipo de sustrato permite obtener mayor biomasa y mejor calidad nutricional para su posible uso en la alimentaci\u00f3n animal.<\/p><p>La problem\u00e1tica que aborda este estudio se relaciona, por un lado, con el alto costo y la dependencia de fuentes proteicas convencionales como la harina de pescado y la soya en la producci\u00f3n pecuaria; y, por otro, con la acumulaci\u00f3n y manejo inadecuado de residuos org\u00e1nicos provenientes de actividades agr\u00edcolas, mercados y hogares en la Amazon\u00eda.<\/p><p>Mediante el uso de larvas de mosca soldado negra (<strong><em>Hermetia illucens<\/em>)<\/strong> como bioconversores, esta investigaci\u00f3n propone transformar dichos residuos en prote\u00edna alternativa sostenible, contribuyendo a la reducci\u00f3n de desechos y al fortalecimiento de sistemas productivos m\u00e1s sostenibles.<\/p><p><strong>Segundo lugar: Luis Andr\u00e9s Cede\u00f1o Gaona<\/strong><\/p><p>El segundo lugar fue para <strong>Luis Andr\u00e9s Cede\u00f1o Gaona<\/strong> con la investigaci\u00f3n <strong>\u201cEvaluaci\u00f3n del extracto de lenteja germinada (<em>Lens culinaris<\/em> Medik) como promotor natural del enraizamiento in vitro de <em>Vanilla planifolia<\/em> Andrew\u201d<\/strong>, dirigida por el <strong>Mag.<\/strong> <strong>Franklin S\u00e1nchez<\/strong>.<\/p><p>El objetivo de esta investigaci\u00f3n es la evaluaci\u00f3n del extracto de lenteja germinada (<strong><em>Lens culinaris<\/em><\/strong>) como promotor natural de enraizamiento in vitro de <strong><em>Vanilla planifolia<\/em><\/strong>.<\/p><p>El cultivo de vainilla en Ecuador enfrenta la escasez de material gen\u00e9tico de calidad debido a pr\u00e1cticas de propagaci\u00f3n convencionales que resultan en un bajo establecimiento de nuevas plantaciones productivas, altos costos de mano de obra, alta susceptibilidad a pat\u00f3genos y mayor tiempo de obtenci\u00f3n de un nuevo esqueje. La micropropagaci\u00f3n in vitro representa una herramienta eficaz para su producci\u00f3n y conservaci\u00f3n, permitiendo obtener una gran cantidad de plantas libres de pat\u00f3genos y gen\u00e9ticamente estables.<\/p><p>La investigaci\u00f3n se justifica al experimentar con alternativas naturales al uso de fitohormonas sint\u00e9ticas, integrando <strong><em>Lens culinaris<\/em><\/strong> como extracto que promueve el crecimiento radicular en la fase de enraizamiento in vitro. Se busca desarrollar un protocolo integrando este extracto para obtener pl\u00e1ntulas m\u00e1s vigorosas y resilientes, reduciendo la dependencia de casas comerciales de elevado costo y ofreciendo a los productores una opci\u00f3n natural, accesible y adaptada a los medios locales si se busca replicar.<\/p><p>Este enfoque contribuye a fortalecer la base productiva del sector, reduce la presi\u00f3n sobre poblaciones silvestres y contribuye a protocolos de micropropagaci\u00f3n de vainilla m\u00e1s sostenibles en la Amazon\u00eda ecuatoriana.<\/p><p><strong>Tercer lugar: Bryan Bladimir Alvarado Tanguila<\/strong><\/p><p>El tercer lugar fue obtenido por <strong>Bryan Bladimir Alvarado Tanguila<\/strong> con el trabajo <strong>\u201cEvaluaci\u00f3n de sustratos en el desarrollo del hongo <em>Favolus tenuiculus<\/em> en las instalaciones de la Universidad Regional Amaz\u00f3nica Ikiam\u201d<\/strong>, bajo la tutor\u00eda del <strong>Mag.<\/strong> <strong>Luis Moncayo<\/strong>.<\/p><p>En la Amazon\u00eda ecuatoriana, la actividad maderera genera grandes cantidades de residuos lignocelul\u00f3sicos, como aserr\u00edn y virutas, provenientes de aserraderos. Estos residuos generalmente son acumulados o eliminados mediante quema, pr\u00e1ctica que provoca la liberaci\u00f3n de di\u00f3xido de carbono (CO\u2082) a la atm\u00f3sfera y contribuye a la contaminaci\u00f3n ambiental, adem\u00e1s de desaprovechar un recurso con potencial productivo.<\/p><p>Paralelamente, especies de hongos silvestres como <strong><em>Favolus tenuiculus<\/em><\/strong>, que crecen naturalmente sobre madera en descomposici\u00f3n, presentan potencial para su cultivo y aprovechamiento alimentario. Sin embargo, existe limitada informaci\u00f3n cient\u00edfica sobre su cultivo en condiciones controladas y sobre los sustratos m\u00e1s adecuados para su desarrollo.<\/p><p>El objetivo de la investigaci\u00f3n fue evaluar el efecto de diferentes sustratos forestales (<strong><em>Piptocoma discolor<\/em><\/strong><em>, <strong>Cordia alliodora<\/strong> <\/em>e<em> <strong>Inga edulis<\/strong><\/em>), obtenidos a partir de residuos de aserraderos, sobre el crecimiento y desarrollo del hongo <strong><em>Favolus tenuiculus<\/em><\/strong> en condiciones controladas.<\/p><p><strong>Intercambio cient\u00edfico y fortalecimiento acad\u00e9mico<\/strong><\/p><p>La participaci\u00f3n en este evento permite fortalecer el intercambio acad\u00e9mico, difundir los resultados de investigaci\u00f3n y destacar el trabajo cient\u00edfico que se desarrolla en la <strong>Universidad Regional Amaz\u00f3nica Ikiam<\/strong>, reafirmando su compromiso con la generaci\u00f3n de conocimiento y la formaci\u00f3n de profesionales investigadores.<\/p><p>\ud83c\udf93 <strong>Desde Ikiam felicitamos a Johny Fernando Villa Casacilla, Luis Andr\u00e9s Cede\u00f1o Gaona y Bryan Bladimir Alvarado Tanguila por este importante logro acad\u00e9mico, as\u00ed como a sus tutores Francisco Villamar\u00edn, Franklin S\u00e1nchez y Luis Moncayo por el acompa\u00f1amiento en el desarrollo de estas investigaciones.<\/strong> \ud83d\udc4f<\/p>\t\t\t\t\t\t\t\t<\/div>\n\t\t\t\t\t<\/div>\n\t\t\t\t<\/div>\n\t\t\t\t<\/div>\n\t\t","protected":false},"excerpt":{"rendered":"<p>Estudiantes de la carrera de Agroecolog\u00eda de la Universidad Regional Amaz\u00f3nica Ikiam obtuvieron el primer, segundo y tercer lugar durante [&hellip;]<\/p>\n","protected":false},"author":9,"featured_media":55457,"comment_status":"open","ping_status":"open","sticky":false,"template":"","format":"standard","meta":{"site-sidebar-layout":"default","site-content-layout":"","ast-site-content-layout":"default","site-content-style":"default","site-sidebar-style":"default","ast-global-header-display":"","ast-banner-title-visibility":"","ast-main-header-display":"","ast-hfb-above-header-display":"","ast-hfb-below-header-display":"","ast-hfb-mobile-header-display":"","site-post-title":"","ast-breadcrumbs-content":"","ast-featured-img":"","footer-sml-layout":"","theme-transparent-header-meta":"","adv-header-id-meta":"","stick-header-meta":"","header-above-stick-meta":"","header-main-stick-meta":"","header-below-stick-meta":"","astra-migrate-meta-layouts":"default","ast-page-background-enabled":"default","ast-page-background-meta":{"desktop":{"background-color":"var(--ast-global-color-5)","background-image":"","background-repeat":"repeat","background-position":"center center","background-size":"auto","background-attachment":"scroll","background-type":"","background-media":"","overlay-type":"","overlay-color":"","overlay-opacity":"","overlay-gradient":""},"tablet":{"background-color":"","background-image":"","background-repeat":"repeat","background-position":"center center","background-size":"auto","background-attachment":"scroll","background-type":"","background-media":"","overlay-type":"","overlay-color":"","overlay-opacity":"","overlay-gradient":""},"mobile":{"background-color":"","background-image":"","background-repeat":"repeat","background-position":"center center","background-size":"auto","background-attachment":"scroll","background-type":"","background-media":"","overlay-type":"","overlay-color":"","overlay-opacity":"","overlay-gradient":""}},"ast-content-background-meta":{"desktop":{"background-color":"var(--ast-global-color-4)","background-image":"","background-repeat":"repeat","background-position":"center center","background-size":"auto","background-attachment":"scroll","background-type":"","background-media":"","overlay-type":"","overlay-color":"","overlay-opacity":"","overlay-gradient":""},"tablet":{"background-color":"var(--ast-global-color-4)","background-image":"","background-repeat":"repeat","background-position":"center center","background-size":"auto","background-attachment":"scroll","background-type":"","background-media":"","overlay-type":"","overlay-color":"","overlay-opacity":"","overlay-gradient":""},"mobile":{"background-color":"var(--ast-global-color-4)","background-image":"","background-repeat":"repeat","background-position":"center center","background-size":"auto","background-attachment":"scroll","background-type":"","background-media":"","overlay-type":"","overlay-color":"","overlay-opacity":"","overlay-gradient":""}},"footnotes":""},"categories":[1],"tags":[],"class_list":["post-55441","post","type-post","status-publish","format-standard","has-post-thumbnail","hentry","category-uncategorized"],"yoast_head":"<!-- This site is optimized with the Yoast SEO plugin v25.8 - https:\/\/yoast.com\/wordpress\/plugins\/seo\/ -->\n<title>\ud83d\udcd8 Ikiam fortalece la formaci\u00f3n en ingl\u00e9s con est\u00e1ndares internacionales - Universidad Regional Amaz\u00f3nica Ikiam<\/title>\n<meta name=\"description\" content=\"\ud83d\udcd8 Ikiam fortalece la formaci\u00f3n en ingl\u00e9s con est\u00e1ndares internacionalesLa Universidad Regional Amaz\u00f3nica Ikiam suscribi\u00f3 un Convenio Interinstitucional con EF Educaci\u00f3n Internacional EFECUADOR S.A., con el objetivo de establecer un marco de cooperaci\u00f3n acad\u00e9mica y promocional orientado al fortalecimiento de la formaci\u00f3n en ingl\u00e9s con est\u00e1ndares internacionales \ud83c\udf0d.Este acuerdo permite que Ikiam se consolide como Centro Autorizado de Preparaci\u00f3n para los ex\u00e1menes de Cambridge English Assessment (KET, PET, FCE y CAE), as\u00ed como sede oficial para la administraci\u00f3n de estas evaluaciones, en articulaci\u00f3n con EF English Ecuador \ud83d\udcda.Al acto de firma acudieron las autoridades de la Universidad Regional Amaz\u00f3nica Ikiam, la Dra. Mar\u00eda Victoria Reyes, rectora, y el Dr. Rold\u00e1n Torres, vicerrector acad\u00e9mico, junto a su equipo t\u00e9cnico \ud83e\udd1d.Esta alianza estrat\u00e9gica fortalece las competencias ling\u00fc\u00edsticas de la comunidad universitaria y ampl\u00eda el acceso a certificaciones internacionales para la poblaci\u00f3n de la regi\u00f3n amaz\u00f3nica, contribuyendo a su formaci\u00f3n acad\u00e9mica y proyecci\u00f3n global \ud83c\udf0e.\" \/>\n<meta name=\"robots\" content=\"index, follow, max-snippet:-1, max-image-preview:large, max-video-preview:-1\" \/>\n<link rel=\"canonical\" href=\"https:\/\/www.ikiam.edu.ec\/index.php\/https-www-ikiam-edu-ec-wp-content-uploads-2026-03-ganadores-wallace-1-1-jpg\/\" \/>\n<meta property=\"og:locale\" content=\"es_ES\" \/>\n<meta property=\"og:type\" content=\"article\" \/>\n<meta property=\"og:title\" content=\"\ud83d\udcd8 Ikiam fortalece la formaci\u00f3n en ingl\u00e9s con est\u00e1ndares internacionales - Universidad Regional Amaz\u00f3nica Ikiam\" \/>\n<meta property=\"og:description\" content=\"\ud83d\udcd8 Ikiam fortalece la formaci\u00f3n en ingl\u00e9s con est\u00e1ndares internacionalesLa Universidad Regional Amaz\u00f3nica Ikiam suscribi\u00f3 un Convenio Interinstitucional con EF Educaci\u00f3n Internacional EFECUADOR S.A., con el objetivo de establecer un marco de cooperaci\u00f3n acad\u00e9mica y promocional orientado al fortalecimiento de la formaci\u00f3n en ingl\u00e9s con est\u00e1ndares internacionales \ud83c\udf0d.Este acuerdo permite que Ikiam se consolide como Centro Autorizado de Preparaci\u00f3n para los ex\u00e1menes de Cambridge English Assessment (KET, PET, FCE y CAE), as\u00ed como sede oficial para la administraci\u00f3n de estas evaluaciones, en articulaci\u00f3n con EF English Ecuador \ud83d\udcda.Al acto de firma acudieron las autoridades de la Universidad Regional Amaz\u00f3nica Ikiam, la Dra. Mar\u00eda Victoria Reyes, rectora, y el Dr. Rold\u00e1n Torres, vicerrector acad\u00e9mico, junto a su equipo t\u00e9cnico \ud83e\udd1d.Esta alianza estrat\u00e9gica fortalece las competencias ling\u00fc\u00edsticas de la comunidad universitaria y ampl\u00eda el acceso a certificaciones internacionales para la poblaci\u00f3n de la regi\u00f3n amaz\u00f3nica, contribuyendo a su formaci\u00f3n acad\u00e9mica y proyecci\u00f3n global \ud83c\udf0e.\" \/>\n<meta property=\"og:url\" content=\"https:\/\/www.ikiam.edu.ec\/index.php\/https-www-ikiam-edu-ec-wp-content-uploads-2026-03-ganadores-wallace-1-1-jpg\/\" \/>\n<meta property=\"og:site_name\" content=\"Universidad Regional Amaz\u00f3nica Ikiam\" \/>\n<meta property=\"article:publisher\" content=\"https:\/\/www.facebook.com\/IkiamOficial\/\" \/>\n<meta property=\"article:published_time\" content=\"2026-03-13T19:30:55+00:00\" \/>\n<meta property=\"article:modified_time\" content=\"2026-03-13T19:55:40+00:00\" \/>\n<meta property=\"og:image\" content=\"https:\/\/www.ikiam.edu.ec\/wp-content\/uploads\/2026\/03\/Ganadores-Wallace-1-2.jpg\" \/>\n\t<meta property=\"og:image:width\" content=\"1080\" \/>\n\t<meta property=\"og:image:height\" content=\"1350\" \/>\n\t<meta property=\"og:image:type\" content=\"image\/jpeg\" \/>\n<meta name=\"author\" content=\"Marisol Patricia Mora Lugo\" \/>\n<meta name=\"twitter:card\" content=\"summary_large_image\" \/>\n<meta name=\"twitter:creator\" content=\"@u_ikiam\" \/>\n<meta name=\"twitter:site\" content=\"@u_ikiam\" \/>\n<meta name=\"twitter:label1\" content=\"Escrito por\" \/>\n\t<meta name=\"twitter:data1\" content=\"Marisol Patricia Mora Lugo\" \/>\n\t<meta name=\"twitter:label2\" content=\"Tiempo de lectura\" \/>\n\t<meta name=\"twitter:data2\" content=\"5 minutos\" \/>\n<script type=\"application\/ld+json\" class=\"yoast-schema-graph\">{\"@context\":\"https:\/\/schema.org\",\"@graph\":[{\"@type\":\"Article\",\"@id\":\"https:\/\/www.ikiam.edu.ec\/index.php\/https-www-ikiam-edu-ec-wp-content-uploads-2026-03-ganadores-wallace-1-1-jpg\/#article\",\"isPartOf\":{\"@id\":\"https:\/\/www.ikiam.edu.ec\/index.php\/https-www-ikiam-edu-ec-wp-content-uploads-2026-03-ganadores-wallace-1-1-jpg\/\"},\"author\":{\"name\":\"Marisol Patricia Mora Lugo\",\"@id\":\"https:\/\/www.ikiam.edu.ec\/#\/schema\/person\/679e1fb2d9fe26e5f724b2839f8709c9\"},\"headline\":\"Estudiantes de Ikiam obtienen los tres primeros lugares en la IX Conferencia Cient\u00edfica Wallace\",\"datePublished\":\"2026-03-13T19:30:55+00:00\",\"dateModified\":\"2026-03-13T19:55:40+00:00\",\"mainEntityOfPage\":{\"@id\":\"https:\/\/www.ikiam.edu.ec\/index.php\/https-www-ikiam-edu-ec-wp-content-uploads-2026-03-ganadores-wallace-1-1-jpg\/\"},\"wordCount\":927,\"commentCount\":0,\"publisher\":{\"@id\":\"https:\/\/www.ikiam.edu.ec\/#organization\"},\"image\":{\"@id\":\"https:\/\/www.ikiam.edu.ec\/index.php\/https-www-ikiam-edu-ec-wp-content-uploads-2026-03-ganadores-wallace-1-1-jpg\/#primaryimage\"},\"thumbnailUrl\":\"https:\/\/www.ikiam.edu.ec\/wp-content\/uploads\/2026\/03\/Ganadores-Wallace-1-2.jpg\",\"articleSection\":[\"Uncategorized\"],\"inLanguage\":\"es\",\"potentialAction\":[{\"@type\":\"CommentAction\",\"name\":\"Comment\",\"target\":[\"https:\/\/www.ikiam.edu.ec\/index.php\/https-www-ikiam-edu-ec-wp-content-uploads-2026-03-ganadores-wallace-1-1-jpg\/#respond\"]}]},{\"@type\":\"WebPage\",\"@id\":\"https:\/\/www.ikiam.edu.ec\/index.php\/https-www-ikiam-edu-ec-wp-content-uploads-2026-03-ganadores-wallace-1-1-jpg\/\",\"url\":\"https:\/\/www.ikiam.edu.ec\/index.php\/https-www-ikiam-edu-ec-wp-content-uploads-2026-03-ganadores-wallace-1-1-jpg\/\",\"name\":\"\ud83d\udcd8 Ikiam fortalece la formaci\u00f3n en ingl\u00e9s con est\u00e1ndares internacionales - Universidad Regional Amaz\u00f3nica Ikiam\",\"isPartOf\":{\"@id\":\"https:\/\/www.ikiam.edu.ec\/#website\"},\"primaryImageOfPage\":{\"@id\":\"https:\/\/www.ikiam.edu.ec\/index.php\/https-www-ikiam-edu-ec-wp-content-uploads-2026-03-ganadores-wallace-1-1-jpg\/#primaryimage\"},\"image\":{\"@id\":\"https:\/\/www.ikiam.edu.ec\/index.php\/https-www-ikiam-edu-ec-wp-content-uploads-2026-03-ganadores-wallace-1-1-jpg\/#primaryimage\"},\"thumbnailUrl\":\"https:\/\/www.ikiam.edu.ec\/wp-content\/uploads\/2026\/03\/Ganadores-Wallace-1-2.jpg\",\"datePublished\":\"2026-03-13T19:30:55+00:00\",\"dateModified\":\"2026-03-13T19:55:40+00:00\",\"description\":\"\ud83d\udcd8 Ikiam fortalece la formaci\u00f3n en ingl\u00e9s con est\u00e1ndares internacionalesLa Universidad Regional Amaz\u00f3nica Ikiam suscribi\u00f3 un Convenio Interinstitucional con EF Educaci\u00f3n Internacional EFECUADOR S.A., con el objetivo de establecer un marco de cooperaci\u00f3n acad\u00e9mica y promocional orientado al fortalecimiento de la formaci\u00f3n en ingl\u00e9s con est\u00e1ndares internacionales \ud83c\udf0d.Este acuerdo permite que Ikiam se consolide como Centro Autorizado de Preparaci\u00f3n para los ex\u00e1menes de Cambridge English Assessment (KET, PET, FCE y CAE), as\u00ed como sede oficial para la administraci\u00f3n de estas evaluaciones, en articulaci\u00f3n con EF English Ecuador \ud83d\udcda.Al acto de firma acudieron las autoridades de la Universidad Regional Amaz\u00f3nica Ikiam, la Dra. Mar\u00eda Victoria Reyes, rectora, y el Dr. Rold\u00e1n Torres, vicerrector acad\u00e9mico, junto a su equipo t\u00e9cnico \ud83e\udd1d.Esta alianza estrat\u00e9gica fortalece las competencias ling\u00fc\u00edsticas de la comunidad universitaria y ampl\u00eda el acceso a certificaciones internacionales para la poblaci\u00f3n de la regi\u00f3n amaz\u00f3nica, contribuyendo a su formaci\u00f3n acad\u00e9mica y proyecci\u00f3n global \ud83c\udf0e.\",\"breadcrumb\":{\"@id\":\"https:\/\/www.ikiam.edu.ec\/index.php\/https-www-ikiam-edu-ec-wp-content-uploads-2026-03-ganadores-wallace-1-1-jpg\/#breadcrumb\"},\"inLanguage\":\"es\",\"potentialAction\":[{\"@type\":\"ReadAction\",\"target\":[\"https:\/\/www.ikiam.edu.ec\/index.php\/https-www-ikiam-edu-ec-wp-content-uploads-2026-03-ganadores-wallace-1-1-jpg\/\"]}]},{\"@type\":\"ImageObject\",\"inLanguage\":\"es\",\"@id\":\"https:\/\/www.ikiam.edu.ec\/index.php\/https-www-ikiam-edu-ec-wp-content-uploads-2026-03-ganadores-wallace-1-1-jpg\/#primaryimage\",\"url\":\"https:\/\/www.ikiam.edu.ec\/wp-content\/uploads\/2026\/03\/Ganadores-Wallace-1-2.jpg\",\"contentUrl\":\"https:\/\/www.ikiam.edu.ec\/wp-content\/uploads\/2026\/03\/Ganadores-Wallace-1-2.jpg\",\"width\":1080,\"height\":1350},{\"@type\":\"BreadcrumbList\",\"@id\":\"https:\/\/www.ikiam.edu.ec\/index.php\/https-www-ikiam-edu-ec-wp-content-uploads-2026-03-ganadores-wallace-1-1-jpg\/#breadcrumb\",\"itemListElement\":[{\"@type\":\"ListItem\",\"position\":1,\"name\":\"La Universidad\",\"item\":\"https:\/\/www.ikiam.edu.ec\/\"},{\"@type\":\"ListItem\",\"position\":2,\"name\":\"Estudiantes de Ikiam obtienen los tres primeros lugares en la IX Conferencia Cient\u00edfica Wallace\"}]},{\"@type\":\"WebSite\",\"@id\":\"https:\/\/www.ikiam.edu.ec\/#website\",\"url\":\"https:\/\/www.ikiam.edu.ec\/\",\"name\":\"Universidad Regional Amaz\u00f3nica Ikiam\",\"description\":\"\",\"publisher\":{\"@id\":\"https:\/\/www.ikiam.edu.ec\/#organization\"},\"potentialAction\":[{\"@type\":\"SearchAction\",\"target\":{\"@type\":\"EntryPoint\",\"urlTemplate\":\"https:\/\/www.ikiam.edu.ec\/?s={search_term_string}\"},\"query-input\":{\"@type\":\"PropertyValueSpecification\",\"valueRequired\":true,\"valueName\":\"search_term_string\"}}],\"inLanguage\":\"es\"},{\"@type\":\"Organization\",\"@id\":\"https:\/\/www.ikiam.edu.ec\/#organization\",\"name\":\"Universidad Regional Amaz\u00f3nica Ikiam\",\"url\":\"https:\/\/www.ikiam.edu.ec\/\",\"logo\":{\"@type\":\"ImageObject\",\"inLanguage\":\"es\",\"@id\":\"https:\/\/www.ikiam.edu.ec\/#\/schema\/logo\/image\/\",\"url\":\"https:\/\/www.ikiam.edu.ec\/wp-content\/uploads\/2021\/12\/logo-ikiam-1.png\",\"contentUrl\":\"https:\/\/www.ikiam.edu.ec\/wp-content\/uploads\/2021\/12\/logo-ikiam-1.png\",\"width\":210,\"height\":90,\"caption\":\"Universidad Regional Amaz\u00f3nica Ikiam\"},\"image\":{\"@id\":\"https:\/\/www.ikiam.edu.ec\/#\/schema\/logo\/image\/\"},\"sameAs\":[\"https:\/\/www.facebook.com\/IkiamOficial\/\",\"https:\/\/x.com\/u_ikiam\"]},{\"@type\":\"Person\",\"@id\":\"https:\/\/www.ikiam.edu.ec\/#\/schema\/person\/679e1fb2d9fe26e5f724b2839f8709c9\",\"name\":\"Marisol Patricia Mora Lugo\",\"image\":{\"@type\":\"ImageObject\",\"inLanguage\":\"es\",\"@id\":\"https:\/\/www.ikiam.edu.ec\/#\/schema\/person\/image\/\",\"url\":\"https:\/\/secure.gravatar.com\/avatar\/985f91566f3ce87945fe445197d7de60a2e8cbfc157975786cf340cd8f4df179?s=96&d=mm&r=g\",\"contentUrl\":\"https:\/\/secure.gravatar.com\/avatar\/985f91566f3ce87945fe445197d7de60a2e8cbfc157975786cf340cd8f4df179?s=96&d=mm&r=g\",\"caption\":\"Marisol Patricia Mora Lugo\"},\"sameAs\":[\"http:\/\/www.ikiam.edu.ec\"],\"url\":\"https:\/\/www.ikiam.edu.ec\/index.php\/author\/marisol-moraikiam-edu-ec\/\"}]}<\/script>\n<!-- \/ Yoast SEO plugin. -->","yoast_head_json":{"title":"\ud83d\udcd8 Ikiam fortalece la formaci\u00f3n en ingl\u00e9s con est\u00e1ndares internacionales - Universidad Regional Amaz\u00f3nica Ikiam","description":"\ud83d\udcd8 Ikiam fortalece la formaci\u00f3n en ingl\u00e9s con est\u00e1ndares internacionalesLa Universidad Regional Amaz\u00f3nica Ikiam suscribi\u00f3 un Convenio Interinstitucional con EF Educaci\u00f3n Internacional EFECUADOR S.A., con el objetivo de establecer un marco de cooperaci\u00f3n acad\u00e9mica y promocional orientado al fortalecimiento de la formaci\u00f3n en ingl\u00e9s con est\u00e1ndares internacionales \ud83c\udf0d.Este acuerdo permite que Ikiam se consolide como Centro Autorizado de Preparaci\u00f3n para los ex\u00e1menes de Cambridge English Assessment (KET, PET, FCE y CAE), as\u00ed como sede oficial para la administraci\u00f3n de estas evaluaciones, en articulaci\u00f3n con EF English Ecuador \ud83d\udcda.Al acto de firma acudieron las autoridades de la Universidad Regional Amaz\u00f3nica Ikiam, la Dra. Mar\u00eda Victoria Reyes, rectora, y el Dr. Rold\u00e1n Torres, vicerrector acad\u00e9mico, junto a su equipo t\u00e9cnico \ud83e\udd1d.Esta alianza estrat\u00e9gica fortalece las competencias ling\u00fc\u00edsticas de la comunidad universitaria y ampl\u00eda el acceso a certificaciones internacionales para la poblaci\u00f3n de la regi\u00f3n amaz\u00f3nica, contribuyendo a su formaci\u00f3n acad\u00e9mica y proyecci\u00f3n global \ud83c\udf0e.","robots":{"index":"index","follow":"follow","max-snippet":"max-snippet:-1","max-image-preview":"max-image-preview:large","max-video-preview":"max-video-preview:-1"},"canonical":"https:\/\/www.ikiam.edu.ec\/index.php\/https-www-ikiam-edu-ec-wp-content-uploads-2026-03-ganadores-wallace-1-1-jpg\/","og_locale":"es_ES","og_type":"article","og_title":"\ud83d\udcd8 Ikiam fortalece la formaci\u00f3n en ingl\u00e9s con est\u00e1ndares internacionales - Universidad Regional Amaz\u00f3nica Ikiam","og_description":"\ud83d\udcd8 Ikiam fortalece la formaci\u00f3n en ingl\u00e9s con est\u00e1ndares internacionalesLa Universidad Regional Amaz\u00f3nica Ikiam suscribi\u00f3 un Convenio Interinstitucional con EF Educaci\u00f3n Internacional EFECUADOR S.A., con el objetivo de establecer un marco de cooperaci\u00f3n acad\u00e9mica y promocional orientado al fortalecimiento de la formaci\u00f3n en ingl\u00e9s con est\u00e1ndares internacionales \ud83c\udf0d.Este acuerdo permite que Ikiam se consolide como Centro Autorizado de Preparaci\u00f3n para los ex\u00e1menes de Cambridge English Assessment (KET, PET, FCE y CAE), as\u00ed como sede oficial para la administraci\u00f3n de estas evaluaciones, en articulaci\u00f3n con EF English Ecuador \ud83d\udcda.Al acto de firma acudieron las autoridades de la Universidad Regional Amaz\u00f3nica Ikiam, la Dra. Mar\u00eda Victoria Reyes, rectora, y el Dr. Rold\u00e1n Torres, vicerrector acad\u00e9mico, junto a su equipo t\u00e9cnico \ud83e\udd1d.Esta alianza estrat\u00e9gica fortalece las competencias ling\u00fc\u00edsticas de la comunidad universitaria y ampl\u00eda el acceso a certificaciones internacionales para la poblaci\u00f3n de la regi\u00f3n amaz\u00f3nica, contribuyendo a su formaci\u00f3n acad\u00e9mica y proyecci\u00f3n global \ud83c\udf0e.","og_url":"https:\/\/www.ikiam.edu.ec\/index.php\/https-www-ikiam-edu-ec-wp-content-uploads-2026-03-ganadores-wallace-1-1-jpg\/","og_site_name":"Universidad Regional Amaz\u00f3nica Ikiam","article_publisher":"https:\/\/www.facebook.com\/IkiamOficial\/","article_published_time":"2026-03-13T19:30:55+00:00","article_modified_time":"2026-03-13T19:55:40+00:00","og_image":[{"width":1080,"height":1350,"url":"https:\/\/www.ikiam.edu.ec\/wp-content\/uploads\/2026\/03\/Ganadores-Wallace-1-2.jpg","type":"image\/jpeg"}],"author":"Marisol Patricia Mora Lugo","twitter_card":"summary_large_image","twitter_creator":"@u_ikiam","twitter_site":"@u_ikiam","twitter_misc":{"Escrito por":"Marisol Patricia Mora Lugo","Tiempo de lectura":"5 minutos"},"schema":{"@context":"https:\/\/schema.org","@graph":[{"@type":"Article","@id":"https:\/\/www.ikiam.edu.ec\/index.php\/https-www-ikiam-edu-ec-wp-content-uploads-2026-03-ganadores-wallace-1-1-jpg\/#article","isPartOf":{"@id":"https:\/\/www.ikiam.edu.ec\/index.php\/https-www-ikiam-edu-ec-wp-content-uploads-2026-03-ganadores-wallace-1-1-jpg\/"},"author":{"name":"Marisol Patricia Mora Lugo","@id":"https:\/\/www.ikiam.edu.ec\/#\/schema\/person\/679e1fb2d9fe26e5f724b2839f8709c9"},"headline":"Estudiantes de Ikiam obtienen los tres primeros lugares en la IX Conferencia Cient\u00edfica Wallace","datePublished":"2026-03-13T19:30:55+00:00","dateModified":"2026-03-13T19:55:40+00:00","mainEntityOfPage":{"@id":"https:\/\/www.ikiam.edu.ec\/index.php\/https-www-ikiam-edu-ec-wp-content-uploads-2026-03-ganadores-wallace-1-1-jpg\/"},"wordCount":927,"commentCount":0,"publisher":{"@id":"https:\/\/www.ikiam.edu.ec\/#organization"},"image":{"@id":"https:\/\/www.ikiam.edu.ec\/index.php\/https-www-ikiam-edu-ec-wp-content-uploads-2026-03-ganadores-wallace-1-1-jpg\/#primaryimage"},"thumbnailUrl":"https:\/\/www.ikiam.edu.ec\/wp-content\/uploads\/2026\/03\/Ganadores-Wallace-1-2.jpg","articleSection":["Uncategorized"],"inLanguage":"es","potentialAction":[{"@type":"CommentAction","name":"Comment","target":["https:\/\/www.ikiam.edu.ec\/index.php\/https-www-ikiam-edu-ec-wp-content-uploads-2026-03-ganadores-wallace-1-1-jpg\/#respond"]}]},{"@type":"WebPage","@id":"https:\/\/www.ikiam.edu.ec\/index.php\/https-www-ikiam-edu-ec-wp-content-uploads-2026-03-ganadores-wallace-1-1-jpg\/","url":"https:\/\/www.ikiam.edu.ec\/index.php\/https-www-ikiam-edu-ec-wp-content-uploads-2026-03-ganadores-wallace-1-1-jpg\/","name":"\ud83d\udcd8 Ikiam fortalece la formaci\u00f3n en ingl\u00e9s con est\u00e1ndares internacionales - Universidad Regional Amaz\u00f3nica Ikiam","isPartOf":{"@id":"https:\/\/www.ikiam.edu.ec\/#website"},"primaryImageOfPage":{"@id":"https:\/\/www.ikiam.edu.ec\/index.php\/https-www-ikiam-edu-ec-wp-content-uploads-2026-03-ganadores-wallace-1-1-jpg\/#primaryimage"},"image":{"@id":"https:\/\/www.ikiam.edu.ec\/index.php\/https-www-ikiam-edu-ec-wp-content-uploads-2026-03-ganadores-wallace-1-1-jpg\/#primaryimage"},"thumbnailUrl":"https:\/\/www.ikiam.edu.ec\/wp-content\/uploads\/2026\/03\/Ganadores-Wallace-1-2.jpg","datePublished":"2026-03-13T19:30:55+00:00","dateModified":"2026-03-13T19:55:40+00:00","description":"\ud83d\udcd8 Ikiam fortalece la formaci\u00f3n en ingl\u00e9s con est\u00e1ndares internacionalesLa Universidad Regional Amaz\u00f3nica Ikiam suscribi\u00f3 un Convenio Interinstitucional con EF Educaci\u00f3n Internacional EFECUADOR S.A., con el objetivo de establecer un marco de cooperaci\u00f3n acad\u00e9mica y promocional orientado al fortalecimiento de la formaci\u00f3n en ingl\u00e9s con est\u00e1ndares internacionales \ud83c\udf0d.Este acuerdo permite que Ikiam se consolide como Centro Autorizado de Preparaci\u00f3n para los ex\u00e1menes de Cambridge English Assessment (KET, PET, FCE y CAE), as\u00ed como sede oficial para la administraci\u00f3n de estas evaluaciones, en articulaci\u00f3n con EF English Ecuador \ud83d\udcda.Al acto de firma acudieron las autoridades de la Universidad Regional Amaz\u00f3nica Ikiam, la Dra. Mar\u00eda Victoria Reyes, rectora, y el Dr. Rold\u00e1n Torres, vicerrector acad\u00e9mico, junto a su equipo t\u00e9cnico \ud83e\udd1d.Esta alianza estrat\u00e9gica fortalece las competencias ling\u00fc\u00edsticas de la comunidad universitaria y ampl\u00eda el acceso a certificaciones internacionales para la poblaci\u00f3n de la regi\u00f3n amaz\u00f3nica, contribuyendo a su formaci\u00f3n acad\u00e9mica y proyecci\u00f3n global \ud83c\udf0e.","breadcrumb":{"@id":"https:\/\/www.ikiam.edu.ec\/index.php\/https-www-ikiam-edu-ec-wp-content-uploads-2026-03-ganadores-wallace-1-1-jpg\/#breadcrumb"},"inLanguage":"es","potentialAction":[{"@type":"ReadAction","target":["https:\/\/www.ikiam.edu.ec\/index.php\/https-www-ikiam-edu-ec-wp-content-uploads-2026-03-ganadores-wallace-1-1-jpg\/"]}]},{"@type":"ImageObject","inLanguage":"es","@id":"https:\/\/www.ikiam.edu.ec\/index.php\/https-www-ikiam-edu-ec-wp-content-uploads-2026-03-ganadores-wallace-1-1-jpg\/#primaryimage","url":"https:\/\/www.ikiam.edu.ec\/wp-content\/uploads\/2026\/03\/Ganadores-Wallace-1-2.jpg","contentUrl":"https:\/\/www.ikiam.edu.ec\/wp-content\/uploads\/2026\/03\/Ganadores-Wallace-1-2.jpg","width":1080,"height":1350},{"@type":"BreadcrumbList","@id":"https:\/\/www.ikiam.edu.ec\/index.php\/https-www-ikiam-edu-ec-wp-content-uploads-2026-03-ganadores-wallace-1-1-jpg\/#breadcrumb","itemListElement":[{"@type":"ListItem","position":1,"name":"La Universidad","item":"https:\/\/www.ikiam.edu.ec\/"},{"@type":"ListItem","position":2,"name":"Estudiantes de Ikiam obtienen los tres primeros lugares en la IX Conferencia Cient\u00edfica Wallace"}]},{"@type":"WebSite","@id":"https:\/\/www.ikiam.edu.ec\/#website","url":"https:\/\/www.ikiam.edu.ec\/","name":"Universidad Regional Amaz\u00f3nica Ikiam","description":"","publisher":{"@id":"https:\/\/www.ikiam.edu.ec\/#organization"},"potentialAction":[{"@type":"SearchAction","target":{"@type":"EntryPoint","urlTemplate":"https:\/\/www.ikiam.edu.ec\/?s={search_term_string}"},"query-input":{"@type":"PropertyValueSpecification","valueRequired":true,"valueName":"search_term_string"}}],"inLanguage":"es"},{"@type":"Organization","@id":"https:\/\/www.ikiam.edu.ec\/#organization","name":"Universidad Regional Amaz\u00f3nica Ikiam","url":"https:\/\/www.ikiam.edu.ec\/","logo":{"@type":"ImageObject","inLanguage":"es","@id":"https:\/\/www.ikiam.edu.ec\/#\/schema\/logo\/image\/","url":"https:\/\/www.ikiam.edu.ec\/wp-content\/uploads\/2021\/12\/logo-ikiam-1.png","contentUrl":"https:\/\/www.ikiam.edu.ec\/wp-content\/uploads\/2021\/12\/logo-ikiam-1.png","width":210,"height":90,"caption":"Universidad Regional Amaz\u00f3nica Ikiam"},"image":{"@id":"https:\/\/www.ikiam.edu.ec\/#\/schema\/logo\/image\/"},"sameAs":["https:\/\/www.facebook.com\/IkiamOficial\/","https:\/\/x.com\/u_ikiam"]},{"@type":"Person","@id":"https:\/\/www.ikiam.edu.ec\/#\/schema\/person\/679e1fb2d9fe26e5f724b2839f8709c9","name":"Marisol Patricia Mora Lugo","image":{"@type":"ImageObject","inLanguage":"es","@id":"https:\/\/www.ikiam.edu.ec\/#\/schema\/person\/image\/","url":"https:\/\/secure.gravatar.com\/avatar\/985f91566f3ce87945fe445197d7de60a2e8cbfc157975786cf340cd8f4df179?s=96&d=mm&r=g","contentUrl":"https:\/\/secure.gravatar.com\/avatar\/985f91566f3ce87945fe445197d7de60a2e8cbfc157975786cf340cd8f4df179?s=96&d=mm&r=g","caption":"Marisol Patricia Mora Lugo"},"sameAs":["http:\/\/www.ikiam.edu.ec"],"url":"https:\/\/www.ikiam.edu.ec\/index.php\/author\/marisol-moraikiam-edu-ec\/"}]}},"_links":{"self":[{"href":"https:\/\/www.ikiam.edu.ec\/index.php\/wp-json\/wp\/v2\/posts\/55441","targetHints":{"allow":["GET"]}}],"collection":[{"href":"https:\/\/www.ikiam.edu.ec\/index.php\/wp-json\/wp\/v2\/posts"}],"about":[{"href":"https:\/\/www.ikiam.edu.ec\/index.php\/wp-json\/wp\/v2\/types\/post"}],"author":[{"embeddable":true,"href":"https:\/\/www.ikiam.edu.ec\/index.php\/wp-json\/wp\/v2\/users\/9"}],"replies":[{"embeddable":true,"href":"https:\/\/www.ikiam.edu.ec\/index.php\/wp-json\/wp\/v2\/comments?post=55441"}],"version-history":[{"count":16,"href":"https:\/\/www.ikiam.edu.ec\/index.php\/wp-json\/wp\/v2\/posts\/55441\/revisions"}],"predecessor-version":[{"id":55460,"href":"https:\/\/www.ikiam.edu.ec\/index.php\/wp-json\/wp\/v2\/posts\/55441\/revisions\/55460"}],"wp:featuredmedia":[{"embeddable":true,"href":"https:\/\/www.ikiam.edu.ec\/index.php\/wp-json\/wp\/v2\/media\/55457"}],"wp:attachment":[{"href":"https:\/\/www.ikiam.edu.ec\/index.php\/wp-json\/wp\/v2\/media?parent=55441"}],"wp:term":[{"taxonomy":"category","embeddable":true,"href":"https:\/\/www.ikiam.edu.ec\/index.php\/wp-json\/wp\/v2\/categories?post=55441"},{"taxonomy":"post_tag","embeddable":true,"href":"https:\/\/www.ikiam.edu.ec\/index.php\/wp-json\/wp\/v2\/tags?post=55441"}],"curies":[{"name":"wp","href":"https:\/\/api.w.org\/{rel}","templated":true}]}}